{"id":212,"date":"2025-12-16T16:12:58","date_gmt":"2025-12-16T16:12:58","guid":{"rendered":"https:\/\/horst-woick-archiv.de\/?p=212"},"modified":"2025-12-16T16:12:59","modified_gmt":"2025-12-16T16:12:59","slug":"bergbau-vortrag-horst-woick-am-nig","status":"publish","type":"post","link":"https:\/\/horst-woick-archiv.de\/?p=212","title":{"rendered":"Bergbau-Vortrag: Horst Woick am NIG"},"content":{"rendered":"\n<h2 class=\"wp-block-heading\">Geologie lebensnah vermittelt<\/h2>\n\n\n\n<figure class=\"wp-block-embed is-type-video is-provider-youtube wp-block-embed-youtube wp-embed-aspect-4-3 wp-has-aspect-ratio\"><div class=\"wp-block-embed__wrapper\">\n<iframe loading=\"lazy\" title=\"Bergbau-Vortrag: Horst Woick im NIG\" width=\"720\" height=\"540\" src=\"https:\/\/www.youtube.com\/embed\/BjoTX-xZMz8?feature=oembed\" frameborder=\"0\" allow=\"accelerometer; autoplay; clipboard-write; encrypted-media; gyroscope; picture-in-picture; web-share\" referrerpolicy=\"strict-origin-when-cross-origin\" allowfullscreen><\/iframe>\n<\/div><\/figure>\n\n\n\n<p>\u00dcber \u201eBergbau in Bad Harzburg\u201c referierte Horst Woick als einstiger Kumpel, der in der Grube Friederike gearbeitet hat, und sp\u00e4terer Bad Harzburg Kurdirektor nicht allein vor unz\u00e4hligen Vereinen. Auch an Schulen war er gefragt. Und am Nieders\u00e4chsischen Internatsgymnasium (NIG) Bad Harzburg griffen Jannik N\u00fcsse und Julian Henk gl\u00fccklicherweise zur Kamera, sodass wir den Woick-Vortrag weiterhin \u201elive\u201c genie\u00dfen k\u00f6nnen. Der Film, der in den fr\u00fchen 2010er Jahren entstand, \u00fcberdauerte die Zeit im Archiv Harry Plaster, das eine unglaubliche Fundgrube ist. Fotos aus dem Archiv sind auf <a href=\"https:\/\/harz-history.de\">https:\/\/harz-history.de<\/a> zu sehen.<\/p>\n","protected":false},"excerpt":{"rendered":"<p>Geologie lebensnah vermittelt \u00dcber \u201eBergbau in Bad Harzburg\u201c referierte Horst Woick als einstiger Kumpel, der in der Grube Friederike gearbeitet hat, und sp\u00e4terer Bad Harzburg Kurdirektor nicht allein vor unz\u00e4hligen Vereinen. Auch an Schulen war er gefragt. Und am Nieders\u00e4chsischen<\/p>\n","protected":false},"author":1,"featured_media":213,"comment_status":"open","ping_status":"open","sticky":false,"template":"","format":"standard","meta":{"_jetpack_memberships_contains_paid_content":false,"footnotes":""},"categories":[3],"tags":[23,27,25,22,24,26,7],"class_list":["post-212","post","type-post","status-publish","format-standard","has-post-thumbnail","hentry","category-bergbau","tag-gymnasium","tag-harz-history","tag-henk","tag-nig","tag-nuesse","tag-stiftung","tag-woick"],"jetpack_featured_media_url":"https:\/\/horst-woick-archiv.de\/wp-content\/uploads\/2025\/12\/woick-NIG-thumb.jpg","jetpack_sharing_enabled":true,"_links":{"self":[{"href":"https:\/\/horst-woick-archiv.de\/index.php?rest_route=\/wp\/v2\/posts\/212","targetHints":{"allow":["GET"]}}],"collection":[{"href":"https:\/\/horst-woick-archiv.de\/index.php?rest_route=\/wp\/v2\/posts"}],"about":[{"href":"https:\/\/horst-woick-archiv.de\/index.php?rest_route=\/wp\/v2\/types\/post"}],"author":[{"embeddable":true,"href":"https:\/\/horst-woick-archiv.de\/index.php?rest_route=\/wp\/v2\/users\/1"}],"replies":[{"embeddable":true,"href":"https:\/\/horst-woick-archiv.de\/index.php?rest_route=%2Fwp%2Fv2%2Fcomments&post=212"}],"version-history":[{"count":1,"href":"https:\/\/horst-woick-archiv.de\/index.php?rest_route=\/wp\/v2\/posts\/212\/revisions"}],"predecessor-version":[{"id":214,"href":"https:\/\/horst-woick-archiv.de\/index.php?rest_route=\/wp\/v2\/posts\/212\/revisions\/214"}],"wp:featuredmedia":[{"embeddable":true,"href":"https:\/\/horst-woick-archiv.de\/index.php?rest_route=\/wp\/v2\/media\/213"}],"wp:attachment":[{"href":"https:\/\/horst-woick-archiv.de\/index.php?rest_route=%2Fwp%2Fv2%2Fmedia&parent=212"}],"wp:term":[{"taxonomy":"category","embeddable":true,"href":"https:\/\/horst-woick-archiv.de\/index.php?rest_route=%2Fwp%2Fv2%2Fcategories&post=212"},{"taxonomy":"post_tag","embeddable":true,"href":"https:\/\/horst-woick-archiv.de\/index.php?rest_route=%2Fwp%2Fv2%2Ftags&post=212"}],"curies":[{"name":"wp","href":"https:\/\/api.w.org\/{rel}","templated":true}]}}